{"id":8487,"date":"2024-07-17T11:13:38","date_gmt":"2024-07-17T09:13:38","guid":{"rendered":"https:\/\/www.debrige.de\/2024\/06\/27\/elke-berger-zur-geschichte-der-koenigswinter-konferenz\/"},"modified":"2024-08-08T12:07:08","modified_gmt":"2024-08-08T10:07:08","slug":"elke-berger-zur-geschichte-der-koenigswinter-konferenz","status":"publish","type":"post","link":"https:\/\/www.debrige.de\/en\/2024\/07\/17\/elke-berger-zur-geschichte-der-koenigswinter-konferenz\/","title":{"rendered":"Zur Geschichte der K\u00f6nigswinter Konferenz"},"content":{"rendered":"<p><em><strong>Elke Berger<\/strong> war von 1982 bis 2003 Gesch\u00e4ftsf\u00fchrerin der Deutsch-Englischen, sp\u00e4ter Deutsch-Britischen Gesellschaft, zuerst in Bonn, ab 1998 in Berlin.<\/em><\/p>\n<p><em>Der Text geht auf einen Vortrag zur\u00fcck, den Elke Berger anl\u00e4sslich des 50-j\u00e4hrigen Bestehens der St\u00e4dtepartnerschaft zwischen K\u00f6nigswinter\/Nordrhein-Westfalen und Cleethorpes\/Lincolnshire am <a href=\"https:\/\/www.debrige.de\/en\/termine\/die-koenigswinter-konferenz\/\">28. Mai 2024<\/a> in K\u00f6nigswinter gehalten hat.<\/em><\/p>\n<p>Die Stadt K\u00f6nigswinter hat eine lange englische Tradition. <a href=\"https:\/\/i0.wp.com\/www.debrige.de\/wp-content\/uploads\/2024\/06\/Gedicht-Byron.jpg?ssl=1\"><img data-recalc-dims=\"1\" loading=\"lazy\" decoding=\"async\" class=\"alignleft size-medium wp-image-8423\" src=\"https:\/\/i0.wp.com\/www.debrige.de\/wp-content\/uploads\/2024\/06\/Gedicht-Byron.jpg?resize=209%2C300&#038;ssl=1\" alt=\"\" width=\"209\" height=\"300\" srcset=\"https:\/\/i0.wp.com\/www.debrige.de\/wp-content\/uploads\/2024\/06\/Gedicht-Byron.jpg?resize=209%2C300&amp;ssl=1 209w, https:\/\/i0.wp.com\/www.debrige.de\/wp-content\/uploads\/2024\/06\/Gedicht-Byron.jpg?w=396&amp;ssl=1 396w\" sizes=\"auto, (max-width: 209px) 100vw, 209px\" \/><\/a><\/p>\n<p>Sie alle kennen sicher das Gedicht von Lord Byron, <a href=\"https:\/\/www.drachenwolke.com\/rheinsagen\/the-castled-crag-of-drachenfels-von-lord-byron\/\">The Castled Crag of Drachenfels\u2018<\/a>. Im vergangenen April veranstaltete das Siebengebirgsmuseum anl\u00e4sslich des 200. Todestages von Lord Byron einen aufschlussreichen Vortrag \u00fcber das Leben des englischen Dichters.<\/p>\n<figure id=\"attachment_8386\" aria-describedby=\"caption-attachment-8386\" style=\"width: 300px\" class=\"wp-caption alignright\"><a href=\"https:\/\/i0.wp.com\/www.debrige.de\/wp-content\/uploads\/2024\/06\/Pe_1_1_Windsor-scaled.jpg?ssl=1\"><img data-recalc-dims=\"1\" loading=\"lazy\" decoding=\"async\" class=\"wp-image-8386 size-medium\" src=\"https:\/\/i0.wp.com\/www.debrige.de\/wp-content\/uploads\/2024\/06\/Pe_1_1_Windsor.jpg?resize=300%2C227&#038;ssl=1\" alt=\"\" width=\"300\" height=\"227\" srcset=\"https:\/\/i0.wp.com\/www.debrige.de\/wp-content\/uploads\/2024\/06\/Pe_1_1_Windsor-scaled.jpg?resize=300%2C227&amp;ssl=1 300w, https:\/\/i0.wp.com\/www.debrige.de\/wp-content\/uploads\/2024\/06\/Pe_1_1_Windsor-scaled.jpg?resize=1024%2C776&amp;ssl=1 1024w, https:\/\/i0.wp.com\/www.debrige.de\/wp-content\/uploads\/2024\/06\/Pe_1_1_Windsor-scaled.jpg?resize=768%2C582&amp;ssl=1 768w, https:\/\/i0.wp.com\/www.debrige.de\/wp-content\/uploads\/2024\/06\/Pe_1_1_Windsor-scaled.jpg?resize=1536%2C1163&amp;ssl=1 1536w, https:\/\/i0.wp.com\/www.debrige.de\/wp-content\/uploads\/2024\/06\/Pe_1_1_Windsor-scaled.jpg?resize=2048%2C1551&amp;ssl=1 2048w, https:\/\/i0.wp.com\/www.debrige.de\/wp-content\/uploads\/2024\/06\/Pe_1_1_Windsor-scaled.jpg?w=1800&amp;ssl=1 1800w\" sizes=\"auto, (max-width: 300px) 100vw, 300px\" \/><\/a><figcaption id=\"caption-attachment-8386\" class=\"wp-caption-text\">Copyright Siebengebirgsmuseum K\u00f6nigswinter<\/figcaption><\/figure>\n<p style=\"text-align: left;\">Weniger bekannt ist vielleicht der Aufenthalt des Prince of Wales, des englischen Thronfolgers, und erstem Sohn der legend\u00e4ren britischen K\u00f6nigin Victoria und ihres deutschen Ehemanns, Prinz Albert von Sachsen-Coburg-Gotha, vom 11. Juli bis 27. August 1857 \u201eim benachbarten Rheinst\u00e4dtchen K\u00f6nigswinter\u201c, wie die Bonner Zeitung am 20. Mai 1857 meldete.<\/p>\n<p>Anl\u00e4sslich des 10-j\u00e4hrigen Bestehens der St\u00e4dtepartnerschaft zu Cleethorpes (1984) ist der Aufenthalt des Prinzen, des sp\u00e4teren K\u00f6nigs Edward VII., in K\u00f6nigswinter und Umgebung detailliert von dem damaligen Vorsitzenden des Heimatvereins Siebengebirge e.V. K\u00f6nigswinter beschrieben worden und ist in der 1987 herausgegebenen Festschrift nachzulesen. F\u00fcr die Lokalpatrioten eine kleine Anmerkung: Besondere Erw\u00e4hnung findet in dem Bericht das Haus Bachem, Wohnhaus des damaligen B\u00fcrgermeisters &#8211; jetzt das B\u00fcrgermeisteramt \u2013, in dem der Prinz zwar einige Privatr\u00e4ume nutzte, aber im Europ\u00e4ischen Hof logierte. In seinem Tagebuch vermerkte er: \u201e&#8230;steamers pass and repass continually by the windows of our hotel.&#8221; Der <em>Europ\u00e4ische Hof<\/em> wurde Anfang der 1970er Jahre abgerissen, um einem Hotelneubau Platz zu machen.<\/p>\n<figure id=\"attachment_8371\" aria-describedby=\"caption-attachment-8371\" style=\"width: 300px\" class=\"wp-caption alignleft\"><a href=\"https:\/\/i0.wp.com\/www.debrige.de\/wp-content\/uploads\/2024\/06\/IMG_20200325_0160.jpg?ssl=1\"><img data-recalc-dims=\"1\" loading=\"lazy\" decoding=\"async\" class=\"wp-image-8371 size-medium\" src=\"https:\/\/i0.wp.com\/www.debrige.de\/wp-content\/uploads\/2024\/06\/IMG_20200325_0160.jpg?resize=300%2C200&#038;ssl=1\" alt=\"\" width=\"300\" height=\"200\" srcset=\"https:\/\/i0.wp.com\/www.debrige.de\/wp-content\/uploads\/2024\/06\/IMG_20200325_0160.jpg?resize=300%2C200&amp;ssl=1 300w, https:\/\/i0.wp.com\/www.debrige.de\/wp-content\/uploads\/2024\/06\/IMG_20200325_0160.jpg?resize=1024%2C683&amp;ssl=1 1024w, https:\/\/i0.wp.com\/www.debrige.de\/wp-content\/uploads\/2024\/06\/IMG_20200325_0160.jpg?resize=768%2C512&amp;ssl=1 768w, https:\/\/i0.wp.com\/www.debrige.de\/wp-content\/uploads\/2024\/06\/IMG_20200325_0160.jpg?resize=1536%2C1024&amp;ssl=1 1536w, https:\/\/i0.wp.com\/www.debrige.de\/wp-content\/uploads\/2024\/06\/IMG_20200325_0160.jpg?w=1585&amp;ssl=1 1585w\" sizes=\"auto, (max-width: 300px) 100vw, 300px\" \/><\/a><figcaption id=\"caption-attachment-8371\" class=\"wp-caption-text\">Copyright Siebengebirgsmuseum K\u00f6nigswinter<\/figcaption><\/figure>\n<p>Und dann fand seit 1950 im Adam-Stegerwald-Haus das Deutsch-Englische Gespr\u00e4ch in K\u00f6nigswinter statt, zu aktuellen Themen der Politik, Wirtschaft, Presse und Gesellschaft, 1950 jedoch &#8211; den akuten Lebensumst\u00e4nden der deutschen Bev\u00f6lkerung Rechnung tragend &#8211; als Sozialarbeitertagung, d.h. britische Sozialarbeiter kamen zu einem 14-t\u00e4gigen Aufenthalt nach Deutschland, hielten sich eine Woche in K\u00f6nigswinter und anschlie\u00dfend eine Woche im kriegszerst\u00f6rten Essen auf, wo sie sich ein umfassendes Bild von den N\u00f6ten der Bev\u00f6lkerung im Ruhrgebiet machen konnten. Unmittelbare Folge des Aufenthaltes der britischen Delegation in Essen war die Gr\u00fcndung des ersten Arbeitskreises der Deutsch-Englischen Gesellschaft, des Arbeitskreises Essen, der im Laufe der n\u00e4chsten Jahre weitere Gr\u00fcndungen folgten. Zuletzt waren es insgesamt wohl 19 einschlie\u00dflich der nach der deutschen Vereinigung in den neuen Bundesl\u00e4ndern gegr\u00fcndeten Arbeitskreise.<\/p>\n<p style=\"text-align: left;\">Aber zur\u00fcck zu dem Deutsch-Englischen Gespr\u00e4ch: Wie kam es zu diesen Konferenzen, f\u00fcnf Jahre nach Ende des 2. Weltkrieges? Nun, am 18. M\u00e4rz 1948 hatte sich in D\u00fcsseldorf die Deutsch-Englische Gesellschaft gegr\u00fcndet. An der Spitze der sicherlich anglophilen Gr\u00fcndungsmitglieder \u2013 es waren 7 politisch unbelastete Pers\u00f6nlichkeiten aus Nordrhein-Westfalen \u2013 stand Lilo Milchsack. Sie hatte, nachdem ihr Mann, Hans Milchsack, das ihm von der britischen Milit\u00e4rverwaltung \u00fcbertragene B\u00fcrgermeisteramt f\u00fcr Wittlaer, einen kleinen Ort n\u00f6rdlich von D\u00fcsseldorf, an sie abgegeben hatte \u2013 er wollte sich dringend um den Wiederaufbau seines Rheinschiffahrtsunternehmens bem\u00fchen \u2013 schnell Kontakt zu den Briten, im Besonderen zu Robert Birley, dem Erziehungsberater des britischen Hohen Kommissars.<\/p>\n<figure id=\"attachment_8397\" aria-describedby=\"caption-attachment-8397\" style=\"width: 237px\" class=\"wp-caption alignright\"><a href=\"https:\/\/i0.wp.com\/www.debrige.de\/wp-content\/uploads\/2024\/06\/img_30042024_0004.jpg?ssl=1\"><img data-recalc-dims=\"1\" loading=\"lazy\" decoding=\"async\" class=\"wp-image-8397 size-medium\" src=\"https:\/\/i0.wp.com\/www.debrige.de\/wp-content\/uploads\/2024\/06\/img_30042024_0004.jpg?resize=237%2C300&#038;ssl=1\" alt=\"\" width=\"237\" height=\"300\" srcset=\"https:\/\/i0.wp.com\/www.debrige.de\/wp-content\/uploads\/2024\/06\/img_30042024_0004.jpg?resize=237%2C300&amp;ssl=1 237w, https:\/\/i0.wp.com\/www.debrige.de\/wp-content\/uploads\/2024\/06\/img_30042024_0004.jpg?w=410&amp;ssl=1 410w\" sizes=\"auto, (max-width: 237px) 100vw, 237px\" \/><\/a><figcaption id=\"caption-attachment-8397\" class=\"wp-caption-text\">Sir Robert Birley (Copyright Deutsch-Englische Gesellschaft, DEG\/ Deutsch-Britische Gesellschaft, DBG)<\/figcaption><\/figure>\n<p style=\"text-align: left;\">Robert Birley, sp\u00e4ter Sir Robert Birley, Headmaster von Eton\u00a0(einer\u00a0der ber\u00fchmten englischen Public Schools), f\u00fchrte zahlreiche Gespr\u00e4che mit deutschen Pers\u00f6nlichkeiten, die er f\u00fcr den Aufbau eines demokratischen Gemeinwesens in Deutschland zu gewinnen suchte.<\/p>\n<figure id=\"attachment_8373\" aria-describedby=\"caption-attachment-8373\" style=\"width: 237px\" class=\"wp-caption alignleft\"><a href=\"https:\/\/i0.wp.com\/www.debrige.de\/wp-content\/uploads\/2024\/06\/img_30042024_0003.jpg?ssl=1\"><img data-recalc-dims=\"1\" loading=\"lazy\" decoding=\"async\" class=\"wp-image-8373 size-medium\" src=\"https:\/\/i0.wp.com\/www.debrige.de\/wp-content\/uploads\/2024\/06\/img_30042024_0003.jpg?resize=237%2C300&#038;ssl=1\" alt=\"\" width=\"237\" height=\"300\" srcset=\"https:\/\/i0.wp.com\/www.debrige.de\/wp-content\/uploads\/2024\/06\/img_30042024_0003.jpg?resize=237%2C300&amp;ssl=1 237w, https:\/\/i0.wp.com\/www.debrige.de\/wp-content\/uploads\/2024\/06\/img_30042024_0003.jpg?w=409&amp;ssl=1 409w\" sizes=\"auto, (max-width: 237px) 100vw, 237px\" \/><\/a><figcaption id=\"caption-attachment-8373\" class=\"wp-caption-text\">Lilo Milchsack (Copyright Deutsch-Englische Gesellschaft, DEG\/ Deutsch-Britische Gesellschaft, DBG)<\/figcaption><\/figure>\n<p style=\"text-align: left;\">Bei Lilo Milchsack traf er auf offene Ohren. Die Vers\u00f6hnung mit den europ\u00e4ischen Nachbarn, hier mit Gro\u00dfbritannien, und Anbahnung und Aufbau freundschaftlicher Beziehungen waren ihr ein Herzensanliegen. Sie war \u00fcberzeugt, dass vor allem pers\u00f6nliche Kontakte zwischen B\u00fcrgern zweier L\u00e4nder die Voraussetzung waren, um der Entwicklung eines Regimes wie dem der Nationalsozialisten entgegenzuwirken und sie letztlich zu verhindern. Ihr lebenslanges Engagement f\u00fcr den deutsch-britischen Dialog war beispiellos.<\/p>\n<p>1951 fand dann das erste politische Deutsch-Englische Gespr\u00e4ch unter dem Thema \u201eVerantwortung der Presse\u201c statt, ein Thema, das nicht aktueller sein k\u00f6nnte. Wenn auch hier bei der Ausrichtung der Konferenz der Gedanke im Vordergrund stand, vor allem zur Anbahnung von pers\u00f6nlichen Kontakten zwischen britischen und deutschen Teilnehmern, die sich \u2013 so die Hoffnung \u2013 vielleicht zu Freundschaften entwickeln w\u00fcrden, beizutragen.<\/p>\n<figure id=\"attachment_8376\" aria-describedby=\"caption-attachment-8376\" style=\"width: 300px\" class=\"wp-caption alignleft\"><a href=\"https:\/\/i0.wp.com\/www.debrige.de\/wp-content\/uploads\/2024\/06\/IMG_20200325_0170.jpg?ssl=1\"><img data-recalc-dims=\"1\" loading=\"lazy\" decoding=\"async\" class=\"wp-image-8376 size-medium\" src=\"https:\/\/i0.wp.com\/www.debrige.de\/wp-content\/uploads\/2024\/06\/IMG_20200325_0170.jpg?resize=300%2C201&#038;ssl=1\" alt=\"\" width=\"300\" height=\"201\" srcset=\"https:\/\/i0.wp.com\/www.debrige.de\/wp-content\/uploads\/2024\/06\/IMG_20200325_0170.jpg?resize=300%2C201&amp;ssl=1 300w, https:\/\/i0.wp.com\/www.debrige.de\/wp-content\/uploads\/2024\/06\/IMG_20200325_0170.jpg?resize=1024%2C687&amp;ssl=1 1024w, https:\/\/i0.wp.com\/www.debrige.de\/wp-content\/uploads\/2024\/06\/IMG_20200325_0170.jpg?resize=768%2C516&amp;ssl=1 768w, https:\/\/i0.wp.com\/www.debrige.de\/wp-content\/uploads\/2024\/06\/IMG_20200325_0170.jpg?resize=1536%2C1031&amp;ssl=1 1536w, https:\/\/i0.wp.com\/www.debrige.de\/wp-content\/uploads\/2024\/06\/IMG_20200325_0170.jpg?w=1555&amp;ssl=1 1555w\" sizes=\"auto, (max-width: 300px) 100vw, 300px\" \/><\/a><figcaption id=\"caption-attachment-8376\" class=\"wp-caption-text\">Copyright Siebengebirgsmuseum K\u00f6nigswinter<\/figcaption><\/figure>\n<p>Aber warum w\u00e4hlte man K\u00f6nigswinter als Tagungsort? Nun \u2013 so ist \u00fcberliefert \u2013 in K\u00f6nigswinter gab es das Adam-Stegerwald-Haus, das w\u00e4hrend des Krieges unversehrt geblieben und geeignet war, neben vorhandenen Studienr\u00e4umen eine gr\u00f6\u00dfere Teilnehmerzahl unterzubringen. Zudem hatte K\u00f6nigswinter den Vorzug, in angemessener Entfernung zu Bonn Teilnehmern zu erm\u00f6glichen, u.U. Termine in Bonn wahrzunehmen, ohne sich zu lange von den anberaumten Studiensitzungen zu entfernen (was von den Organisatoren ohnehin missbilligend in Kauf genommen wurde). Der technische Aufwand f\u00fcr die Konferenz war \u00e4u\u00dferst bescheiden, ja behelfsm\u00e4\u00dfig \u2013 verglichen mit heutigen Anspr\u00fcchen und M\u00f6glichkeiten. So gab es weder eine Simultananlage noch professionelle Dolmetscher wie in sp\u00e4teren Jahren. Angeh\u00f6rige der ehemaligen britischen Milit\u00e4rregierung, 1949 abgel\u00f6st durch die Hohe Kommission, stellten sich z.B. als \u00dcbersetzer zur Verf\u00fcgung. Die spartanische Unterbringung der Konferenzteilnehmer konnte jedoch die Freude \u00fcber die M\u00f6glichkeit zu einem offenen, jahrelang zwangsweise unterdr\u00fcckten Gedankenaustausch in keiner Weise schm\u00e4lern.<\/p>\n<p><a href=\"https:\/\/i0.wp.com\/www.debrige.de\/wp-content\/uploads\/2024\/06\/img_30042024_0001.jpg?ssl=1\"><img data-recalc-dims=\"1\" loading=\"lazy\" decoding=\"async\" class=\"size-medium wp-image-8367 alignright\" src=\"https:\/\/i0.wp.com\/www.debrige.de\/wp-content\/uploads\/2024\/06\/img_30042024_0001.jpg?resize=300%2C189&#038;ssl=1\" alt=\"\" width=\"300\" height=\"189\" srcset=\"https:\/\/i0.wp.com\/www.debrige.de\/wp-content\/uploads\/2024\/06\/img_30042024_0001.jpg?resize=300%2C189&amp;ssl=1 300w, https:\/\/i0.wp.com\/www.debrige.de\/wp-content\/uploads\/2024\/06\/img_30042024_0001.jpg?resize=1024%2C645&amp;ssl=1 1024w, https:\/\/i0.wp.com\/www.debrige.de\/wp-content\/uploads\/2024\/06\/img_30042024_0001.jpg?resize=768%2C484&amp;ssl=1 768w, https:\/\/i0.wp.com\/www.debrige.de\/wp-content\/uploads\/2024\/06\/img_30042024_0001.jpg?resize=1536%2C968&amp;ssl=1 1536w, https:\/\/i0.wp.com\/www.debrige.de\/wp-content\/uploads\/2024\/06\/img_30042024_0001.jpg?w=1649&amp;ssl=1 1649w\" sizes=\"auto, (max-width: 300px) 100vw, 300px\" \/><\/a><\/p>\n<p style=\"text-align: left;\">Und K\u00f6nigswinter, am Fu\u00dfe des Siebengebirges gelegen, und einer der historischen Orte der Rheinromantik \u00fcbte zweifellos seinen Reiz auf die Konferenzteilnehmer aus. Man nahm gerne wahr, was sich an Attraktionen bot: ein Aufstieg auf den Drachenfels oder ein Erinnerungsfoto, nicht zu vergessen die gem\u00fctlichen Weinkneipen, wie der Jesuiter Hof, das Tubac, sp\u00e4ter auch die Bar des Maritim Hotels u.a.m., in denen Briten und Deutsche bis sp\u00e4t in der Nacht zusammensa\u00dfen und ihre Diskussionen fortsetzten.<\/p>\n<figure id=\"attachment_8426\" aria-describedby=\"caption-attachment-8426\" style=\"width: 209px\" class=\"wp-caption alignleft\"><a href=\"https:\/\/i0.wp.com\/www.debrige.de\/wp-content\/uploads\/2024\/06\/logo-.jpg?ssl=1\"><img data-recalc-dims=\"1\" loading=\"lazy\" decoding=\"async\" class=\"wp-image-8426 size-medium\" src=\"https:\/\/i0.wp.com\/www.debrige.de\/wp-content\/uploads\/2024\/06\/logo-.jpg?resize=209%2C300&#038;ssl=1\" alt=\"\" width=\"209\" height=\"300\" srcset=\"https:\/\/i0.wp.com\/www.debrige.de\/wp-content\/uploads\/2024\/06\/logo-.jpg?resize=209%2C300&amp;ssl=1 209w, https:\/\/i0.wp.com\/www.debrige.de\/wp-content\/uploads\/2024\/06\/logo-.jpg?resize=712%2C1024&amp;ssl=1 712w, https:\/\/i0.wp.com\/www.debrige.de\/wp-content\/uploads\/2024\/06\/logo-.jpg?resize=768%2C1104&amp;ssl=1 768w, https:\/\/i0.wp.com\/www.debrige.de\/wp-content\/uploads\/2024\/06\/logo-.jpg?resize=1068%2C1536&amp;ssl=1 1068w, https:\/\/i0.wp.com\/www.debrige.de\/wp-content\/uploads\/2024\/06\/logo-.jpg?w=1366&amp;ssl=1 1366w\" sizes=\"auto, (max-width: 209px) 100vw, 209px\" \/><\/a><figcaption id=\"caption-attachment-8426\" class=\"wp-caption-text\">Copyright DEG\/DBG<\/figcaption><\/figure>\n<p>Bedauerlicherweise ist der Bericht \u00fcber die Konferenz 1951 nicht mehr verf\u00fcgbar. Aber der Bericht 1953 ist verf\u00fcgbar, ein unsch\u00e4tzbares zeithistorisches Dokument, unscheinbar in der Aufmachung, aber schon mit dem Logo des Konferenzberichts \u2013 der \u201eEselsritt auf den Drachenfels\u201c \u2013 wie es bis 1999 in jeweils anderer Farbkombination das Cover des Berichtes ziert.<\/p>\n<p>Auch f\u00fcr die Konferenz 1953 haben die Organisatoren ein Thema gew\u00e4hlt: Europ\u00e4ische Integration und die Atlantische Gemeinschaft, das nicht aktueller sein k\u00f6nnte und f\u00fcr das der renommierte Politikwissenschaftler Dolf Sternberger, in seinem Referat die Grundlage der anschlie\u00dfenden Diskussionen vorgab. Aber der Konferenzbericht 1953 ist nicht das einzige Zeitdokument, das \u00fcber die damalige politische Lage in Europa und im Besonderen \u00fcber die mit der Verabschiedung des Grundgesetzes am 23. Mai 1949 anstehende Integration der Bundesrepublik in die westliche V\u00f6lkergemeinschaft Aufschluss gab. Von historischer Bedeutung ist gleichwohl die Sammlung von Ausz\u00fcgen der Pressestimmen \u00fcber die Konferenz 1953; ich zitiere aus dem Artikel von Herbert von Borch, erschienen in \u201aDeutsche Kommentare\u2018 am 18. April 1953, in dem der \u201eGeist\u201c von K\u00f6nigswinter zutreffend beschrieben ist:<\/p>\n<p><em>\u201eNun schon zum vierten Mal haben sich in K\u00f6nigswinter an dem mit historischen Reminiszenzen beladenen Strom hervorragende G\u00e4ste aus England mit deutschen Gespr\u00e4chspartnern getroffen, um auf Einladung der Deutsch-Englischen Gesellschaft einige sokratische Tage zu verbringen. Diese durch private Initiative zustande gekommenen Treffen haben sich fast den Rang von einer au\u00dfenpolitischen Einrichtung zwischen den beiden L\u00e4ndern erworben. Im vorigen Jahr verrieten mehrere Unterhausdebatten den Einfluss der kl\u00e4renden Gespr\u00e4che, und dieses Jahr wird es kaum anders werden. Jedenfalls wird jeder, der an ihnen teilgenommen hat, dem konservativen Politiker aus England zugestimmt haben, als er sagte, dass die M\u00f6glichkeit eines solchen Gespr\u00e4chs die Antwort darauf darstelle, was denn nun eigentlich die Freie Welt definiere. Mit gr\u00f6\u00dftem Freimut, der auch gelegentliche Sch\u00e4rfen nicht vermied, wurde eine wechselseitige Bestandsaufnahme der Meinungen, Auffassungen und Willensrichtungen aufgenommen \u2026\u201c<\/em><\/p>\n<p>Erg\u00e4nzend zu der hier betonten freien Meinungs\u00e4u\u00dferung steht ein immer wieder hervorgehobener Aspekt, der \u201eK\u00f6nigswinter\u201c auszeichnet: Die Konferenzteilnehmer verfolgen keinerlei politische Absichten, verabschieden keine Resolutionen; sie sind absolut frei in ihren Meinungs\u00e4u\u00dferungen. Es gilt die Chatham House Rule, d.h. die in den Studiengruppen erfolgten Redebeitr\u00e4ge bleiben in den \u00f6ffentlichen Plenarsitzungen und Pressestimmen strikt ohne Namensnennung des Urhebers. Die Inhalte der Gespr\u00e4che finden jedoch vielfach Eingang in die offiziellen politischen Debatten und geben vor anstehenden Regierungsentscheidungen immer wieder Ansto\u00df zu wechselseitigen Bestandsaufnahmen (s. oben) und Kompromissen.<\/p>\n<p>Das Deutsch-Englische Gespr\u00e4ch fand allj\u00e4hrlich \u2013 au\u00dfer 1964 in Oxford und 1970 in Cambridge \u2013 in K\u00f6nigswinter statt. 1974 war die Konferenz Gast in Edinburgh und im Zuge der Vorbereitungen ergab sich der Name K\u00f6nigswinter Konferenz. Die Organisatoren sahen die Verwendung des Titels \u201aDeutsch-Englisches Gespr\u00e4ch\u2018 in der Hauptstadt Schottlands als Affront. Inzwischen hat sich l\u00e4ngst die Kurzform \u201aK\u00f6nigswinter\u2018 eingeb\u00fcrgert. Aus Anlass der 25. Konferenz (1975) machten die Briten dann ihren deutschen Partnern das Geschenk, \u201aK\u00f6nigswinter\u2018 ein \u00fcber das andere Jahr in Gro\u00dfbritannien auszurichten. Die britische Seite f\u00fchlte sich verpflichtet, fortan abwechselnd Verantwortung f\u00fcr die Ausgestaltung der Konferenz zu \u00fcbernehmen und unterstrich damit die einzigartige Bedeutung von \u201aK\u00f6nigswinter\u2018 als bilaterales Instrument.<\/p>\n<p>Der Historiker Ralph Uhlig fasste in seiner Dokumentation (Uhlig 1986) die Konferenzen von Anfang der 50er bis Ende der 70er Jahre in drei Abschnitten zusammen:<br \/>\n(1) Im Zeichen des Abbaus gegenseitigen Misstrauens (1950-1059),<br \/>\n(2) Die Auseinandersetzung um den Beitritt Gro\u00dfbritanniens zur EWG (1960-1969),<br \/>\n(3) Das Ringen um die Integration Gro\u00dfbritanniens in die EG (1970-1979).<\/p>\n<figure id=\"attachment_8429\" aria-describedby=\"caption-attachment-8429\" style=\"width: 300px\" class=\"wp-caption alignright\"><a href=\"https:\/\/i0.wp.com\/www.debrige.de\/wp-content\/uploads\/2024\/08\/Heath.jpg?ssl=1\"><img data-recalc-dims=\"1\" loading=\"lazy\" decoding=\"async\" class=\"wp-image-8429 size-medium\" src=\"https:\/\/i0.wp.com\/www.debrige.de\/wp-content\/uploads\/2024\/08\/Heath.jpg?resize=300%2C212&#038;ssl=1\" alt=\"\" width=\"300\" height=\"212\" \/><\/a><figcaption id=\"caption-attachment-8429\" class=\"wp-caption-text\">Auf dem Podium von links nach rechts: Shirley Williams (MP Labour), PM Edward Heath, Lilo Milchsack, Nicolas Henderson (Brit. Botschafter), Hans von Herwarth (Vorsitzender der DEG), Roy Jenkins (MP Labour), Ralf Dahrendorf Copyright DEG\/ DBG<\/figcaption><\/figure>\n<p>So dominiert das Thema Europa seit den 60er Jahren und auch nach dem von der konservativen Regierung Edward Heaths 1973 vollzogenen Beitritt. Gro\u00dfbritanniens zur Europ\u00e4ischen Gemeinschaft die Diskussionen bei \u201aK\u00f6nigswinter\u2018. Abgeordnete der Konservativen und Labour Party lieferten sich bittere Debatten \u00fcber Vor- und Nachteile einer Mitgliedschaft ihres Landes.<\/p>\n<p><a style=\"color: #0c6ca6; font-family: QuaySansITCTTBook, serif; font-size: 19px;\" href=\"https:\/\/i0.wp.com\/www.debrige.de\/wp-content\/uploads\/2024\/06\/img_30042024_0002.jpg?ssl=1\"><img data-recalc-dims=\"1\" loading=\"lazy\" decoding=\"async\" class=\"alignleft size-medium wp-image-8380\" src=\"https:\/\/i0.wp.com\/www.debrige.de\/wp-content\/uploads\/2024\/06\/img_30042024_0002.jpg?resize=197%2C300&#038;ssl=1\" alt=\"\" width=\"197\" height=\"300\" srcset=\"https:\/\/i0.wp.com\/www.debrige.de\/wp-content\/uploads\/2024\/06\/img_30042024_0002.jpg?resize=197%2C300&amp;ssl=1 197w, https:\/\/i0.wp.com\/www.debrige.de\/wp-content\/uploads\/2024\/06\/img_30042024_0002.jpg?resize=673%2C1024&amp;ssl=1 673w, https:\/\/i0.wp.com\/www.debrige.de\/wp-content\/uploads\/2024\/06\/img_30042024_0002.jpg?resize=768%2C1169&amp;ssl=1 768w, https:\/\/i0.wp.com\/www.debrige.de\/wp-content\/uploads\/2024\/06\/img_30042024_0002.jpg?resize=1009%2C1536&amp;ssl=1 1009w, https:\/\/i0.wp.com\/www.debrige.de\/wp-content\/uploads\/2024\/06\/img_30042024_0002.jpg?resize=1346%2C2048&amp;ssl=1 1346w, https:\/\/i0.wp.com\/www.debrige.de\/wp-content\/uploads\/2024\/06\/img_30042024_0002.jpg?w=1604&amp;ssl=1 1604w\" sizes=\"auto, (max-width: 197px) 100vw, 197px\" \/><\/a><\/p>\n<p>Die Abtr\u00fcnigen der Labour Party Roy Jenkins, David Owen, William Rodgers und Shirley Williams \u2013 die sogenannte Gang of Four -, die sich vehement f\u00fcr den Verbleib GBs in der EG einsetzten, erfuhren w\u00e4hrend der Konferenzen viel Aufmerksamkeit von allen Teilnehmern, im Besonderen von ihren Kollegen in der SPD.<\/p>\n<p>1981 kam es dann zur Gr\u00fcndung der Social Democratic Party, die sich 1988 mit der Liberal Party zusammenschloss, eine Entscheidung, die von dem Vorsitzenden der Liberalen, David Steel, und 3 Mitgliedern der Gang of Four w\u00e4hrend eines nachmitt\u00e4glichen Ausflugs auf den Drachenfels getroffen und von den Konferenzteilnehmern mit gro\u00dfer Zustimmung aufgenommen wurde.<\/p>\n<figure id=\"attachment_8389\" aria-describedby=\"caption-attachment-8389\" style=\"width: 300px\" class=\"wp-caption alignright\"><img data-recalc-dims=\"1\" loading=\"lazy\" decoding=\"async\" class=\"wp-image-8389 size-medium\" style=\"color: #0c6ca6; font-family: QuaySansITCTTBook, serif; font-size: 19px;\" src=\"https:\/\/i0.wp.com\/www.debrige.de\/wp-content\/uploads\/2024\/06\/img_30042024_0001-1.jpg?resize=300%2C171&#038;ssl=1\" alt=\"\" width=\"300\" height=\"171\" srcset=\"https:\/\/i0.wp.com\/www.debrige.de\/wp-content\/uploads\/2024\/06\/img_30042024_0001-1.jpg?resize=300%2C171&amp;ssl=1 300w, https:\/\/i0.wp.com\/www.debrige.de\/wp-content\/uploads\/2024\/06\/img_30042024_0001-1.jpg?resize=1024%2C585&amp;ssl=1 1024w, https:\/\/i0.wp.com\/www.debrige.de\/wp-content\/uploads\/2024\/06\/img_30042024_0001-1.jpg?resize=768%2C438&amp;ssl=1 768w, https:\/\/i0.wp.com\/www.debrige.de\/wp-content\/uploads\/2024\/06\/img_30042024_0001-1.jpg?resize=1536%2C877&amp;ssl=1 1536w, https:\/\/i0.wp.com\/www.debrige.de\/wp-content\/uploads\/2024\/06\/img_30042024_0001-1.jpg?w=1804&amp;ssl=1 1804w\" sizes=\"auto, (max-width: 300px) 100vw, 300px\" \/><figcaption id=\"caption-attachment-8389\" class=\"wp-caption-text\">David Steel (rechts) Copyright DEG\/ DBG<\/figcaption><\/figure>\n<p>Eine gewisse organisatorische Schwierigkeit bereitete dieser Z<span style=\"font-size: 19px; color: #58585a;\">usammenschluss den Konferenzorganisatoren bei der Zuordnung der britischen Abgeordneten zu den Fr\u00fchst\u00fccks- oder Lunch-Einladungen ihrer deutschen Partner.<\/span><\/p>\n<p>Aber nat\u00fcrlich war nicht nur die Europ\u00e4ische Gemeinschaft das Thema in K\u00f6nigswinter. In den 1980er Jahren nahm die Konfrontation zwischen Ost und West breiten Raum ein, ebenso die steigende Bedrohung der Umwelt und das Wachsen des Nord-S\u00fcd-Gef\u00e4lles. Mit dem Ende des Kommunismus in der fr\u00fcheren Sowjetunion und in Osteuropa, der Neuformierung der M\u00e4chte im Osten und des Aufstrebens Chinas hat sich der Schwerpunkt der Debatten auf den Ausbau und die Erweiterung der Europ\u00e4ischen Union, den Erhalt der westlichen Allianz und der transatlantischen Zusammenarbeit und auf Themen wie die Globalisierung der M\u00e4rkte, Asyl, Armutswanderung und Erhalt der sozialen Sicherheit verlagert.<\/p>\n<p>Wie sollten nun alle diese Themenpunkte unter einem \u00fcbergreifenden Gesamtthema erfasst werden? Hier muss betont werden, dass die Organisatoren der Konferenz schon etwa ab 1952 bem\u00fcht waren, das Generalthema der Konferenz relativ allgemein, wenn nicht sogar nichtsagend, zu fassen, um einer weitreichenden Debatte Raum zu geben. Die Teilnehmer sollten die M\u00f6glichkeit haben, unvorhergesehene politische und\/oder wirtschaftliche Entwicklungen zu er\u00f6rtern. so z.B. geschehen w\u00e4hrend der Konferenz 1982 in Oxford bei Ausbruch der Falkland-Krise, als die britischen Abgeordneten nach London gerufen wurden, um an der eilends anberaumten Unterhausdebatte und Abstimmung \u00fcber ein milit\u00e4risches Eingreifen Gro\u00dfbritanniens in den Konflikt mit Argentinien teilzunehmen.<\/p>\n<figure id=\"attachment_8441\" aria-describedby=\"caption-attachment-8441\" style=\"width: 300px\" class=\"wp-caption alignleft\"><a href=\"https:\/\/i0.wp.com\/www.debrige.de\/wp-content\/uploads\/2024\/08\/Koenigswinter-Konferenz-Weizsaecker-.jpg?ssl=1\"><img data-recalc-dims=\"1\" loading=\"lazy\" decoding=\"async\" class=\"wp-image-8441 size-medium\" src=\"https:\/\/i0.wp.com\/www.debrige.de\/wp-content\/uploads\/2024\/08\/Koenigswinter-Konferenz-Weizsaecker-.jpg?resize=300%2C212&#038;ssl=1\" alt=\"\" width=\"300\" height=\"212\" \/><\/a><figcaption id=\"caption-attachment-8441\" class=\"wp-caption-text\">K\u00f6nigswinter Konferenz, Plenum (Copyright DEG\/DBG)<\/figcaption><\/figure>\n<p>Wenn auch das jeweilige Gesamtthema der Konferenzen relativ weit gefasst war, waren den traditionellen vier Studiengruppen klar formulierte Themen mit vier oder drei Unterthemen vorgegeben. Es lag dann in der Gespr\u00e4chsf\u00fchrung des Vorsitzenden der Studiengruppe, welchem Unterthema durch die Diskussionsbeitr\u00e4ge der Teilnehmer mehr oder weniger Gewicht zukam.<\/p>\n<p>Ein unerwartetes zeithistorisches politisches Ereignis, der Fall der Berliner Mauer und in seinem Zuge die Deutsche Vereinigung 1990, veranlasste die Deutsch-Englische Gesellschaft auf Initiative ihres Vorsitzenden Karl-G\u00fcnther von Hase, \u201aK\u00f6nigswinter\u2018 1991 in Dresden durchzuf\u00fchren. Es war die erste bilaterale Konferenz, die im vereinten Deutschland stattfand. Der Journalist Friedrich Eismann bemerkt in der \u201aNeue Zeit\u2018 vom 18. M\u00e4rz 1991:<\/p>\n<p><em>\u201e\u2026Der Blick der K\u00f6nigswinterer ist zwar traditionell westw\u00e4rts gerichtet, nach Europa. Doch da\u00df dieses Europa \u00f6stlicher geworden ist, ist ihrem scharfen Blick nicht entgangen. \u2026\u201c<\/em><\/p>\n<p>Wenn in den Anfangsjahren der Konferenz noch der Beirat der Deutsch-Englischen Gesellschaft die Agenda beriet und entschied, formierte sich auf Initiative der Gesellschaft relativ bald ein Kreis von Pers\u00f6nlichkeiten, die auf Grund ihrer politischen Stellung und\/oder ihres Fachwissens f\u00fcr den vorbereitenden Ausschuss (Steering Committee) gewonnen wurden, dem sie sich ehrenamtlich zur Verf\u00fcgung stellten. Dieser parit\u00e4tisch besetzte Deutsch-Britische Ausschuss erarbeitete etwa drei Monate vor Konferenztermin die Agenda, schlug Pers\u00f6nlichkeiten f\u00fcr die w\u00e4hrend der Konferenz zu \u00fcbernehmenden Aufgaben (Referent, Chairman, Berichterstatter) wie auch die einzuladenden Teilnehmer aus Politik, Wirtschaft, Presse und Wissenschaft vor. Dabei stand die \u00dcberparteilichkeit an vorderster Stelle. Diese war neben den Maximen Unabh\u00e4ngigkeit und Ehrenamtlichkeit bei der Gr\u00fcndung der Deutsch-Englische Gesellschaft in der Satzung festgeschrieben und gilt unver\u00e4ndert fort.<\/p>\n<p>Eine ebenso entscheidende Rolle spielt die Unabh\u00e4ngigkeit. Der Vorstand der Gesellschaft, allen voran Lilo Milchsack, verteidigte die Unabh\u00e4ngigkeit ihrer Arbeit immer wieder gegen jegliche Einflussnahme z.B. von Seiten des Ausw\u00e4rtigen Amtes und\/oder anderer regierungsnaher Institutionen. Zwar geh\u00f6rten eine Einladung des Ausw\u00e4rtigen Amtes an die Konferenzteilnehmer zu einem opulenten Abendbuffet in die Redoute, das Hotel Dreesen und 1999 in das Hotel Petersberg mit einem Regierungsmitglied als Gastgeber zum Konferenzprogramm wie auch die Teilnahme hoher Regierungsbeamter an den Studiensitzungen im Adam-Stegerwald-Haus. Aber der Rahmen war bestimmt von dem inoffiziellen und privat gehaltenen Ambiente der Treffen. Langj\u00e4hrige K\u00f6nigswinter-Teilnehmer sprachen vom \u201eK\u00f6nigswinter-Geist\u201c, eine durchaus treffende Charakterisierung der Konferenzatmosph\u00e4re. Und diesen \u201eK\u00f6nigswinter Geist\u201c zu bewahren und zu garantieren, war Aufgabe des vorbereitenden Ausschusses (Steering Committee), d.h. besondere Sorgfalt wurde auf die Auswahl der Teilnehmer verwendet: etwa ein Drittel mussten \u201eold hands\u201c sein, sozusagen die Garanten des \u201eK\u00f6nigswinter Geistes\u201c; ein Drittel \u201enew hands\u201c \u2013 um der Gefahr zu entgehen, ein old boys bzw. ein old girls club zu werden; und bei einem weiteren Drittel war das vorrangige Auswahlkriterium die Expertise f\u00fcr die Themen der Agenda.<\/p>\n<figure id=\"attachment_8382\" aria-describedby=\"caption-attachment-8382\" style=\"width: 300px\" class=\"wp-caption alignleft\"><a href=\"https:\/\/i0.wp.com\/www.debrige.de\/wp-content\/uploads\/2024\/06\/img_30042024_0005.jpg?ssl=1\"><img data-recalc-dims=\"1\" loading=\"lazy\" decoding=\"async\" class=\"wp-image-8382 size-medium\" src=\"https:\/\/i0.wp.com\/www.debrige.de\/wp-content\/uploads\/2024\/06\/img_30042024_0005.jpg?resize=300%2C210&#038;ssl=1\" alt=\"\" width=\"300\" height=\"210\" srcset=\"https:\/\/i0.wp.com\/www.debrige.de\/wp-content\/uploads\/2024\/06\/img_30042024_0005.jpg?resize=300%2C210&amp;ssl=1 300w, https:\/\/i0.wp.com\/www.debrige.de\/wp-content\/uploads\/2024\/06\/img_30042024_0005.jpg?resize=1024%2C716&amp;ssl=1 1024w, https:\/\/i0.wp.com\/www.debrige.de\/wp-content\/uploads\/2024\/06\/img_30042024_0005.jpg?resize=768%2C537&amp;ssl=1 768w, https:\/\/i0.wp.com\/www.debrige.de\/wp-content\/uploads\/2024\/06\/img_30042024_0005.jpg?resize=1536%2C1074&amp;ssl=1 1536w, https:\/\/i0.wp.com\/www.debrige.de\/wp-content\/uploads\/2024\/06\/img_30042024_0005.jpg?resize=2048%2C1432&amp;ssl=1 2048w, https:\/\/i0.wp.com\/www.debrige.de\/wp-content\/uploads\/2024\/06\/img_30042024_0005.jpg?w=1800&amp;ssl=1 1800w\" sizes=\"auto, (max-width: 300px) 100vw, 300px\" \/><\/a><figcaption id=\"caption-attachment-8382\" class=\"wp-caption-text\">Jung K\u00f6nigswinter Konferenz 2000 (Copyright DEG\/ DBG)<\/figcaption><\/figure>\n<p>Die Deutsch-Englische Gesellschaft selbst hat den Gebrauch des Namens \u201aK\u00f6nigswinter\u2018 inflation\u00e4r verwandt. 1962 veranstaltete der Deutsch-Britische Jugendaustausch zusammen mit der Landesgruppe Berlin der Gesellschaft erstmalig die \u201eJung-K\u00f6nigswinter-Konferenz\u201c, die seitdem allj\u00e4hrlich im Sommer in Berlin f\u00fcr die Altersgruppe 25 bis 35 stattfindet. 1995 gr\u00fcndete die Gesellschaft die K\u00f6nigswinter Stiftung, von der sie sich einen j\u00e4hrlichen Finanzbeitrag versprach, und seit Ende der 1990er Jahre findet abwechselnd in Deutschland und Gro\u00dfbritannien das \u201eEconomic K\u00f6nigswinter\u201c und \u201eDefence K\u00f6nigswinter\u201c statt, beides eint\u00e4gige Expertentreffen. Am\u00fcsant ist vielleicht die Bezeichnung \u201eK\u00f6nigswinter Sound\u201c, kreiert von einem britischen Journalisten, der nicht ganz gl\u00fccklich \u00fcber den w\u00e4hrend der Busfahrt vom Flughafen nach K\u00f6nigswinter herrschenden Ger\u00e4uschpegel war.<\/p>\n<p>1999 tagte die Konferenz letztmalig im Adam-Stegerwald-Haus in K\u00f6nigswinter. Der Vorstand der Deutsch-Englischen Gesellschaft, die ihre Hauptgesch\u00e4ftsstelle bereits ein Jahr zuvor nach Berlin verlegt hatte. entschied mit R\u00fccksicht auf potentielle deutsche Teilnehmer, die zum \u00fcberwiegenden Teil ihr berufliches Umfeld noch in Westdeutschland hatten, die Konferenz an ihrem Ursprungsort durchzuf\u00fchren. Es war in zweifacher Hinsicht ein besonderes Ereignis: Zum einen war es die 50. Wiederkehr des Gr\u00fcndungsdatums der Deutsch-Englischen Gesellschaft und zum anderen der Abschied von einem bew\u00e4hrten und vertrauten Ort. Jedoch kam keine besondere Abschiedsstimmung auf, im Gegenteil! Die Gedanken bewegten sich in Richtung \u201eBerliner Republik\u201c, wie sie der Publizist Johannes Gross Anfang der 1990er Jahre nannte.<\/p>\n<figure id=\"attachment_8443\" aria-describedby=\"caption-attachment-8443\" style=\"width: 300px\" class=\"wp-caption alignleft\"><a href=\"https:\/\/i0.wp.com\/www.debrige.de\/wp-content\/uploads\/2024\/08\/KK-Sommer-re-.jpg?ssl=1\"><img data-recalc-dims=\"1\" loading=\"lazy\" decoding=\"async\" class=\"wp-image-8443 size-medium\" src=\"https:\/\/i0.wp.com\/www.debrige.de\/wp-content\/uploads\/2024\/08\/KK-Sommer-re-.jpg?resize=300%2C215&#038;ssl=1\" alt=\"\" width=\"300\" height=\"215\" \/><\/a><figcaption id=\"caption-attachment-8443\" class=\"wp-caption-text\">K\u00f6nigswinter Konferenz (Copyright DEG\/DBG)<\/figcaption><\/figure>\n<p>Und doch blieben nostalgische Gef\u00fchle nicht aus. In keiner der Ansprachen im Plenum fehlten erinnernde Worte an die Anf\u00e4nge der Konferenzen und ihre Bedeutung f\u00fcr die deutsch-britischen Beziehungen. So sagte Bundesau\u00dfenminister Joschka Fischer zu Beginn seiner Ausf\u00fchrungen als Gastgeber des Abendbuffets der Bundesregierung auf dem Petersberg:<\/p>\n<p><em>\u201e\u2026The regular meetings which have taken place in K\u00f6nigswinter have made a considerable contribution to understanding and reconciliation between the United Kingdom and Germany. K\u00f6nigswinter represents honesty in our mutual relations and the firm intent of both countries to travel the path together into the future, a European future \u2026 .\u201c<\/em><\/p>\n<p>Als 2001 nach Verlegung der Hauptgesch\u00e4ftsstelle nach Berlin die Konferenz erstmalig nahe der Hauptstadt in Potsdam stattfand, betonte der amtierende Vorsitzende, Hermann Freiherr von Richthofen, bei der Er\u00f6ffnung der Konferenz<\/p>\n<p><em>\u201e\u2026 Wir halten an dem Namen \u201aK\u00f6nigswinter\u2018 f\u00fcr unsere j\u00e4hrliche Konferenz fest, denn er ist ein erfolgreiches Markenzeichen geworden. \u2026\u201c<\/em><\/p>\n<p>Dass sich \u201aK\u00f6nigswinter\u2018 mit dem Wechsel vom Rhein an die Spree neuen Aufgaben stellen musste, unterstreicht der Journalist Marc Beise in seinem Artikel \u00fcber die Konferenz in der S\u00fcddeutschen Zeitung vom 26. M\u00e4rz 2001:<\/p>\n<figure id=\"attachment_8446\" aria-describedby=\"caption-attachment-8446\" style=\"width: 300px\" class=\"wp-caption alignright\"><a href=\"https:\/\/i0.wp.com\/www.debrige.de\/wp-content\/uploads\/2024\/08\/Koenigswinter-Konferenz-Roth-.jpg?ssl=1\"><img data-recalc-dims=\"1\" loading=\"lazy\" decoding=\"async\" class=\"wp-image-8446 size-medium\" src=\"https:\/\/i0.wp.com\/www.debrige.de\/wp-content\/uploads\/2024\/08\/Koenigswinter-Konferenz-Roth-.jpg?resize=300%2C210&#038;ssl=1\" alt=\"\" width=\"300\" height=\"210\" \/><\/a><figcaption id=\"caption-attachment-8446\" class=\"wp-caption-text\">K\u00f6nigswinter Konferenz (Copyright DEG\/DBG)<\/figcaption><\/figure>\n<p><em>\u201e\u2026 Jahr f\u00fcr Jahr treffen sich Politiker, Diplomaten, Unternehmer, Wissenschaftler und Angeh\u00f6rige von Nichtregierungsorganisationen aus beiden Staaten nun schon zum 51. Mal. Nach einem halben Jahrhundert muss sich dieses bedeutende Nachkriegsforum (&#8230;), m\u00fcssen sich die nachwachsenden Generationen ihre Themen erschlie\u00dfen. Ein wichtiger Schritt auf diesem Weg ist die Standortverlagerung der deutschen Tagung fort aus der Namen gebenden Stadt (&#8230;) in die N\u00e4he des neuen deutschen Machtzentrums Berlin\u2026 \u201c.\u00a0<\/em><\/p>\n<p>Von den zahlreichen ermutigenden \u00c4u\u00dferungen hochgestellter Pers\u00f6nlichkeiten zu \u201aK\u00f6nigswinter\u2018 m\u00f6chte ich nur die des ersten Bundespr\u00e4sidenten Theodor Heuss zitieren. Anl\u00e4sslich des Empfangs f\u00fcr die Teilnehmer des 10. Deutsch-Englischen Gespr\u00e4chs in K\u00f6nigswinter 1959 sagte er u.a.:<\/p>\n<p><em>\u201e\u2026 Die Demokratie lebt ja davon, dass au\u00dfer den Professionellen der Politik Journalisten, Parlamentarier und Erzieher freiwillig ihren Beitrag zur Schaffung gegenseitiger Verst\u00e4ndigung leisten, auf deren Grundlage eine vern\u00fcnftige Regierungspolitik erst m\u00f6glich wird. \u2026\u201c<\/em><\/p>\n<p>Und um das Wort Brexit einmal zu erw\u00e4hnen, zitiere ich den derzeitigen Vorsitzenden der Deutsch-Britischen Gesellschaft, Botschafter a.D. Thomas Matussek, der sich w\u00e4hrend der verst\u00f6rend wirkenden Auseinandersetzungen in Gro\u00dfbritannien \u00fcber den Brexit u.a. wie folgt \u00e4u\u00dferte:<\/p>\n<p><em>\u201e\u2026 In Zeiten des Brexit m\u00fcssen wir jedes verf\u00fcgbare Mittel nutzen, das dazu beitragen kann, Deutschlands enge Zusammenarbeit mit unseren britischen Freunden zu bewahren. \u201aK\u00f6nigswinter\u2018 ist ein vitales Instrument der Kommunikation. \u2026\u201c<\/em><\/p>\n<p>Zum Schluss ein Wort an die Verantwortlichen der Stadt K\u00f6nigswinter: 50 Jahre lang hat sie ein hochpolitisches bilaterales Gespr\u00e4chsforum, an dem Repr\u00e4sentanten der intellektuellen Elite beider L\u00e4nder teilnahmen, in Ihren Mauern beherbergt und hat damit in hohem Ma\u00dfe zur Pflege der deutsch-britischen Beziehungen beigetragen. Daf\u00fcr ist ihr die Deutsch-Britische Gesellschaft sehr dankbar.<\/p>\n<p>***<br \/>\n<span style=\"font-size: 14px;\">Ralph Uhlig: Die Deutsch-Englische Gesellschaft 1949-1983 &#8211; Der Beitrag ihrer K\u00f6nigswinter Konferenzen zur britisch-deutschen Verst\u00e4ndigung (Hrsg.: Deutsches Historisches Institut London). G\u00f6ttingen: Vandenhoeck &amp; Ruprecht 1986.<\/span><\/p>\n","protected":false},"excerpt":{"rendered":"<p>Elke Berger war von 1982 bis 2003 Gesch\u00e4ftsf\u00fchrerin der Deutsch-Englischen, sp\u00e4ter Deutsch-Britischen Gesellschaft, zuerst in Bonn, ab 1998 in Berlin. Der Text geht\u2026 <a href=\"https:\/\/www.debrige.de\/en\/2024\/07\/17\/elke-berger-zur-geschichte-der-koenigswinter-konferenz\/\" class=\"arrow\">Weiterlesen<\/a><\/p>\n","protected":false},"author":10,"featured_media":8605,"comment_status":"closed","ping_status":"closed","sticky":false,"template":"","format":"standard","meta":{"inline_featured_image":false,"_jetpack_memberships_contains_paid_content":false,"footnotes":"","jetpack_publicize_message":"","jetpack_publicize_feature_enabled":true,"jetpack_social_post_already_shared":true,"jetpack_social_options":{"image_generator_settings":{"template":"highway","default_image_id":0,"font":"","enabled":false},"version":2}},"categories":[192],"tags":[],"class_list":["post-8487","post","type-post","status-publish","format-standard","has-post-thumbnail","hentry","category-news"],"jetpack_publicize_connections":[],"jetpack_featured_media_url":"https:\/\/i0.wp.com\/www.debrige.de\/wp-content\/uploads\/2024\/08\/Heath.jpg?fit=2325%2C1372&ssl=1","jetpack_sharing_enabled":true,"jetpack_shortlink":"https:\/\/wp.me\/p9sXiX-2cT","_links":{"self":[{"href":"https:\/\/www.debrige.de\/en\/wp-json\/wp\/v2\/posts\/8487","targetHints":{"allow":["GET"]}}],"collection":[{"href":"https:\/\/www.debrige.de\/en\/wp-json\/wp\/v2\/posts"}],"about":[{"href":"https:\/\/www.debrige.de\/en\/wp-json\/wp\/v2\/types\/post"}],"author":[{"embeddable":true,"href":"https:\/\/www.debrige.de\/en\/wp-json\/wp\/v2\/users\/10"}],"replies":[{"embeddable":true,"href":"https:\/\/www.debrige.de\/en\/wp-json\/wp\/v2\/comments?post=8487"}],"version-history":[{"count":7,"href":"https:\/\/www.debrige.de\/en\/wp-json\/wp\/v2\/posts\/8487\/revisions"}],"predecessor-version":[{"id":8614,"href":"https:\/\/www.debrige.de\/en\/wp-json\/wp\/v2\/posts\/8487\/revisions\/8614"}],"wp:featuredmedia":[{"embeddable":true,"href":"https:\/\/www.debrige.de\/en\/wp-json\/wp\/v2\/media\/8605"}],"wp:attachment":[{"href":"https:\/\/www.debrige.de\/en\/wp-json\/wp\/v2\/media?parent=8487"}],"wp:term":[{"taxonomy":"category","embeddable":true,"href":"https:\/\/www.debrige.de\/en\/wp-json\/wp\/v2\/categories?post=8487"},{"taxonomy":"post_tag","embeddable":true,"href":"https:\/\/www.debrige.de\/en\/wp-json\/wp\/v2\/tags?post=8487"}],"curies":[{"name":"wp","href":"https:\/\/api.w.org\/{rel}","templated":true}]}}